{"id":674,"date":"2023-08-14T22:48:37","date_gmt":"2023-08-14T20:48:37","guid":{"rendered":"http:\/\/www.dolesa.org\/?p=674"},"modified":"2024-10-19T13:19:18","modified_gmt":"2024-10-19T11:19:18","slug":"pristi-rok-do-zeme-zapadajiciho-slunce","status":"publish","type":"post","link":"https:\/\/www.dolesa.org\/index.php\/2023\/08\/14\/pristi-rok-do-zeme-zapadajiciho-slunce\/","title":{"rendered":"Zem\u011b zapadaj\u00edc\u00edho slunce"},"content":{"rendered":"\n<p>11. ro\u010dn\u00edk t\u00e1bora n\u00e1s zavedl do Japonska. Po t\u0159ech letech jsme vym\u011bnili t\u00e1bo\u0159i\u0161t\u011b za skv\u011bl\u00e9 Racha\u010dky. Zvolili jsme nov\u00e9ho c\u00edsa\u0159e, star\u00e9ho poslali do d\u016fchodu, poskl\u00e1dali mnoho origami, vybojovali nespo\u010det SUMO z\u00e1pas\u016f, u\u017e\u00edvali si \u010dajov\u00e9 d\u00fdch\u00e1nky. Nav\u0161t\u00edvila n\u00e1s i Geisha.<\/p>\n\n\n\n<figure class=\"wp-block-image size-large is-resized\"><img loading=\"lazy\" decoding=\"async\" width=\"585\" height=\"1024\" src=\"https:\/\/www.dolesa.org\/wp-content\/uploads\/2024\/01\/plakat_1600-585x1024.webp\" alt=\"\" class=\"wp-image-721\" style=\"width:839px;height:auto\" srcset=\"https:\/\/www.dolesa.org\/wp-content\/uploads\/2024\/01\/plakat_1600-585x1024.webp 585w, https:\/\/www.dolesa.org\/wp-content\/uploads\/2024\/01\/plakat_1600-171x300.webp 171w, https:\/\/www.dolesa.org\/wp-content\/uploads\/2024\/01\/plakat_1600-768x1344.webp 768w, https:\/\/www.dolesa.org\/wp-content\/uploads\/2024\/01\/plakat_1600-878x1536.webp 878w, https:\/\/www.dolesa.org\/wp-content\/uploads\/2024\/01\/plakat_1600-1170x2048.webp 1170w, https:\/\/www.dolesa.org\/wp-content\/uploads\/2024\/01\/plakat_1600-660x1155.webp 660w, https:\/\/www.dolesa.org\/wp-content\/uploads\/2024\/01\/plakat_1600-scaled.webp 1463w\" sizes=\"auto, (max-width: 585px) 100vw, 585px\" \/><\/figure>\n\n\n\n<p><\/p>\n","protected":false},"excerpt":{"rendered":"<p>11. ro\u010dn\u00edk t\u00e1bora n\u00e1s zavedl do Japonska. Po t\u0159ech letech jsme vym\u011bnili t\u00e1bo\u0159i\u0161t\u011b za skv\u011bl\u00e9 Racha\u010dky. Zvolili jsme nov\u00e9ho c\u00edsa\u0159e, star\u00e9ho poslali do d\u016fchodu, poskl\u00e1dali mnoho origami, vybojovali nespo\u010det SUMO z\u00e1pas\u016f, u\u017e\u00edvali si \u010dajov\u00e9 d\u00fdch\u00e1nky. Nav\u0161t\u00edvila n\u00e1s i Geisha.<\/p>\n","protected":false},"author":2,"featured_media":675,"comment_status":"closed","ping_status":"","sticky":false,"template":"","format":"standard","meta":{"footnotes":""},"categories":[1],"tags":[],"class_list":["post-674","post","type-post","status-publish","format-standard","has-post-thumbnail","hentry","category-nezarazene"],"_links":{"self":[{"href":"https:\/\/www.dolesa.org\/index.php\/wp-json\/wp\/v2\/posts\/674","targetHints":{"allow":["GET"]}}],"collection":[{"href":"https:\/\/www.dolesa.org\/index.php\/wp-json\/wp\/v2\/posts"}],"about":[{"href":"https:\/\/www.dolesa.org\/index.php\/wp-json\/wp\/v2\/types\/post"}],"author":[{"embeddable":true,"href":"https:\/\/www.dolesa.org\/index.php\/wp-json\/wp\/v2\/users\/2"}],"replies":[{"embeddable":true,"href":"https:\/\/www.dolesa.org\/index.php\/wp-json\/wp\/v2\/comments?post=674"}],"version-history":[{"count":7,"href":"https:\/\/www.dolesa.org\/index.php\/wp-json\/wp\/v2\/posts\/674\/revisions"}],"predecessor-version":[{"id":849,"href":"https:\/\/www.dolesa.org\/index.php\/wp-json\/wp\/v2\/posts\/674\/revisions\/849"}],"wp:featuredmedia":[{"embeddable":true,"href":"https:\/\/www.dolesa.org\/index.php\/wp-json\/wp\/v2\/media\/675"}],"wp:attachment":[{"href":"https:\/\/www.dolesa.org\/index.php\/wp-json\/wp\/v2\/media?parent=674"}],"wp:term":[{"taxonomy":"category","embeddable":true,"href":"https:\/\/www.dolesa.org\/index.php\/wp-json\/wp\/v2\/categories?post=674"},{"taxonomy":"post_tag","embeddable":true,"href":"https:\/\/www.dolesa.org\/index.php\/wp-json\/wp\/v2\/tags?post=674"}],"curies":[{"name":"wp","href":"https:\/\/api.w.org\/{rel}","templated":true}]}}